{"id":10728,"date":"2023-09-28T16:04:32","date_gmt":"2023-09-28T14:04:32","guid":{"rendered":"\/inspiration\/?p=10728"},"modified":"2025-08-21T16:05:39","modified_gmt":"2025-08-21T14:05:39","slug":"calendrier-annee-2024","status":"publish","type":"post","link":"https:\/\/www.smartphoto.fr\/inspiration\/calendrier-annee-2024","title":{"rendered":"Un calendrier pour 2024 ? C&rsquo;est par ici !"},"content":{"rendered":"\n<p>2024 sera une ann\u00e9e fantastique ! Vous ne pensez pas ? Cr\u00e9ez un <a href=\"https:\/\/www.smartphoto.fr\/calendrier-photo\" target=\"_blank\" rel=\"noreferrer noopener\">calendrier de l&rsquo;ann\u00e9e 2024<\/a> personnalis\u00e9 avec vos photos, pour planifier de belles choses pour cette ann\u00e9e pleine de promesses. \ud83e\udd73<\/p>\n\n\n\n<p>Un calendrier, \u00e7a vous semble d\u00e9mod\u00e9 ? D\u00e9trompez-vous : <strong>il y a tellement d&rsquo;options originales et tendances !&nbsp;<\/strong>Jetez un \u0153il ci-dessous.<\/p>\n\n\n\n<p>Psst : les mois sont en fran\u00e7ais si vous commandez sur le site en fran\u00e7ais \ud83d\ude42<\/p>\n\n\n<div class=\"wp-block-image\">\n<figure class=\"aligncenter size-full\"><img loading=\"lazy\" decoding=\"async\" width=\"800\" height=\"559\" src=\"https:\/\/storage.googleapis.com\/smartphoto-express-production-wp-blogs-com\/10\/2023\/09\/YearPlanner_Shoot_Lifestyle5.jpg\" alt=\"calendrier ann\u00e9e 2024 - d\u00e9couvrez toutes les options, mod\u00e8les et nouveaux designs tendance de 2024\" class=\"wp-image-11517\" srcset=\"https:\/\/storage.googleapis.com\/smartphoto-express-production-wp-blogs-com\/10\/2023\/09\/YearPlanner_Shoot_Lifestyle5.jpg 800w, https:\/\/storage.googleapis.com\/smartphoto-express-production-wp-blogs-com\/10\/2023\/09\/YearPlanner_Shoot_Lifestyle5-300x210.jpg 300w, https:\/\/storage.googleapis.com\/smartphoto-express-production-wp-blogs-com\/10\/2023\/09\/YearPlanner_Shoot_Lifestyle5-768x537.jpg 768w\" sizes=\"auto, (max-width: 800px) 100vw, 800px\" \/><\/figure><\/div>\n\n\n<hr class=\"wp-block-separator has-css-opacity\" \/>\n\n\n\n<h3 class=\"wp-block-heading\"><strong>\ud83d\udcc6 Calendrier \u00e0 poser<\/strong><\/h3>\n\n\n\n<p>A la maison ou au bureau, ces <strong>calendriers tr\u00e8s d\u00e9coratifs<\/strong> vous permettent de garder un oeil sur votre planning.  Associez ce <a href=\"https:\/\/www.smartphoto.fr\/calendrier-photo\/calendrier-de-bureau\" target=\"_blank\" rel=\"noreferrer noopener\">calendrier de bureau<\/a> \u00e0 une plante verte et un joli bibelot pour la parfaite \u00e9tag\u00e8re d\u00e9corative dans n&rsquo;importe quelle pi\u00e8ce de la maison.<\/p>\n\n\n\n<p>P.S. d&rsquo;autres formats sont disponibles, et vous pouvez \u00e9galement ajouter des \u00e9v\u00e8nements personnalis\u00e9s. Enregistrez-les dans votre compte smartphoto pour pouvoir les r\u00e9utiliser chaque ann\u00e9e ! \ud83d\ude09<\/p>\n\n\n\n<figure class=\"wp-block-gallery aligncenter has-nested-images columns-default is-cropped wp-block-gallery-1 is-layout-flex wp-block-gallery-is-layout-flex\">\n<figure class=\"wp-block-image size-full\"><img loading=\"lazy\" decoding=\"async\" width=\"800\" height=\"532\" data-id=\"11518\" src=\"https:\/\/storage.googleapis.com\/smartphoto-express-production-wp-blogs-com\/10\/2023\/09\/DeskCalendarWoodFlowers_Shoot_Lifestyle3.jpg\" alt=\"Calendrier ann\u00e9e 2024 de bureau \" class=\"wp-image-11518\" srcset=\"https:\/\/storage.googleapis.com\/smartphoto-express-production-wp-blogs-com\/10\/2023\/09\/DeskCalendarWoodFlowers_Shoot_Lifestyle3.jpg 800w, https:\/\/storage.googleapis.com\/smartphoto-express-production-wp-blogs-com\/10\/2023\/09\/DeskCalendarWoodFlowers_Shoot_Lifestyle3-300x200.jpg 300w, https:\/\/storage.googleapis.com\/smartphoto-express-production-wp-blogs-com\/10\/2023\/09\/DeskCalendarWoodFlowers_Shoot_Lifestyle3-768x511.jpg 768w\" sizes=\"auto, (max-width: 800px) 100vw, 800px\" \/><\/figure>\n<\/figure>\n\n\n\n<hr class=\"wp-block-separator has-css-opacity\" \/>\n\n\n\n<h3 class=\"wp-block-heading\"><strong>\ud83d\udcc6 <\/strong>Calendrier d&rsquo;anniversaires<\/h3>\n\n\n\n<p>Vous avez aussi des difficult\u00e9s \u00e0 retenir les dates d&rsquo;anniversaire ? Ou tout simplement, vous voulez \u00eatre certain(e) de n&rsquo;en oublier aucune ? <a href=\"https:\/\/www.smartphoto.fr\/calendrier-photo\/calendrier-anniversaire\" target=\"_blank\" rel=\"noreferrer noopener\">Ce calendrier tendance pour anniversaire<\/a> peut \u00eatre r\u00e9utilis\u00e9 pendant plusieurs ann\u00e9es puisqu&rsquo;il ne reprend pas les jours de semaine. Le petit format est id\u00e9al pour d\u00e9corer un couloir, la cuisine, ou m\u00eame, comme le font la plupart des gens, le petit coin ! <\/p>\n\n\n\n<p>Choisissez un format, un design et une mise en page pour chaque page. Psst : les mois sont en fran\u00e7ais si vous commandez sur le site en fran\u00e7ais \ud83d\ude42<\/p>\n\n\n<div class=\"wp-block-image\">\n<figure class=\"aligncenter size-full\"><img loading=\"lazy\" decoding=\"async\" width=\"800\" height=\"533\" src=\"https:\/\/storage.googleapis.com\/smartphoto-express-production-wp-blogs-com\/10\/2022\/10\/phpiYwlPl_630df795775c6_630df7a110592.jpg\" alt=\"Calendrier d'anniversaire ou calendrier perp\u00e9tuel deisgn 2024\" class=\"wp-image-11237\" srcset=\"https:\/\/storage.googleapis.com\/smartphoto-express-production-wp-blogs-com\/10\/2022\/10\/phpiYwlPl_630df795775c6_630df7a110592.jpg 800w, https:\/\/storage.googleapis.com\/smartphoto-express-production-wp-blogs-com\/10\/2022\/10\/phpiYwlPl_630df795775c6_630df7a110592-300x200.jpg 300w, https:\/\/storage.googleapis.com\/smartphoto-express-production-wp-blogs-com\/10\/2022\/10\/phpiYwlPl_630df795775c6_630df7a110592-768x512.jpg 768w\" sizes=\"auto, (max-width: 800px) 100vw, 800px\" \/><\/figure><\/div>\n\n\n<hr class=\"wp-block-separator has-css-opacity\" \/>\n\n\n\n<h3 class=\"wp-block-heading\"><strong>\ud83d\udcc6 Un calendrier pour toute la famille<\/strong><\/h3>\n\n\n\n<p>Voici un calendrier qui va changer votre vie de famille ! Vous peinez \u00e0 organiser les trajets et rendez-vous pour tous le membres de la famille ? Vous voulez vous assurer que vos grands enfants soupent au moins un soir tous ensemble \u00e0 la maison ? Vite vite ! Allez commander ce <a href=\"https:\/\/www.smartphoto.fr\/calendrier-photo\/calendrier-familial\">calendrier organiseur familial<\/a> !<\/p>\n\n\n\n<p>Ce calendrier familial reprend vos photos, vos \u00e9v\u00e8nements, et le nombre de colonnes n\u00e9cessaires selon la composition de votre famille : de 3 \u00e0 5 colonnes, que vous pouvez titrer comme bon vous semble. \u23f0<\/p>\n\n\n<div class=\"wp-block-image\">\n<figure class=\"aligncenter size-full is-resized\"><a href=\"https:\/\/www.smartphoto.fr\/calendrier-photo\/calendrier-familial\" target=\"_blank\" rel=\"noopener noreferrer\"><img decoding=\"async\" src=\"https:\/\/storage.googleapis.com\/smartphoto-express-production-wp-blogs-com\/9\/2021\/12\/Calndrier-tendance-2022-organiseur-familial.jpg\" alt=\"Calendrier ann\u00e9e 2024 - Calendrier organiseur familial personnalis\u00e9s avec photo\" class=\"wp-image-43210\" style=\"width:838px;height:559px\" \/><\/a><figcaption class=\"wp-element-caption\">Calendrier familial &#8211; organiseur de 3 \u00e0 5 colonnes<\/figcaption><\/figure><\/div>\n\n\n<hr class=\"wp-block-separator has-css-opacity\" \/>\n\n\n\n<h3 class=\"wp-block-heading\"><strong>\ud83d\udcc6 Planning annuel<\/strong><\/h3>\n\n\n\n<p>Si vous avez du mal \u00e0 garder une vue globale de votre ann\u00e9e ou \u00e0 faire des plans \u00e0 moyen terme, vous pouvez certainement avoir l&rsquo;usage <a href=\"https:\/\/www.smartphoto.fr\/calendrier-photo\/calendrier-apercu-annuel\" target=\"_blank\" rel=\"noreferrer noopener\">d&rsquo;un planning annuel<\/a>. Peut-\u00eatre que vous \u00eates tr\u00e8s organis\u00e9s pour le court terme, via votre agenda papier ou en ligne, mais que vous avez toujours l&rsquo;impression de n&rsquo;agir que dans l&rsquo;urgence ? <\/p>\n\n\n\n<p>Ces plannings vous donnent une vue globale de l&rsquo;ann\u00e9e et sont tr\u00e8s d\u00e9coratifs. <a href=\"https:\/\/www.smartphoto.fr\/calendrier-photo\/planning-annuel?optiongroup=posterframe\" target=\"_blank\" rel=\"noreferrer noopener\">Avec la version encadr\u00e9e<\/a>, vous pouvez m\u00eame \u00e9crire sur la vitre du cadre avec un marqueur pour tableau blanc \ud83d\ude09 Les jours f\u00e9ri\u00e9s sont indiqu\u00e9s en gras pour vous faciliter la vie.<\/p>\n\n\n<div class=\"wp-block-image\">\n<figure class=\"aligncenter size-full is-resized\"><img loading=\"lazy\" decoding=\"async\" width=\"800\" height=\"559\" src=\"https:\/\/storage.googleapis.com\/smartphoto-express-production-wp-blogs-com\/10\/2023\/09\/YearPlanner_Shoot_Lifestyle5.jpg\" alt=\"Calendrier planing 2024\" class=\"wp-image-11517\" style=\"width:832px;height:581px\" srcset=\"https:\/\/storage.googleapis.com\/smartphoto-express-production-wp-blogs-com\/10\/2023\/09\/YearPlanner_Shoot_Lifestyle5.jpg 800w, https:\/\/storage.googleapis.com\/smartphoto-express-production-wp-blogs-com\/10\/2023\/09\/YearPlanner_Shoot_Lifestyle5-300x210.jpg 300w, https:\/\/storage.googleapis.com\/smartphoto-express-production-wp-blogs-com\/10\/2023\/09\/YearPlanner_Shoot_Lifestyle5-768x537.jpg 768w\" sizes=\"auto, (max-width: 800px) 100vw, 800px\" \/><\/figure><\/div>\n\n\n<hr class=\"wp-block-separator has-css-opacity\" \/>\n\n\n\n<h3 class=\"wp-block-heading\"><strong>\ud83d\udcc6 <\/strong>Calendrier magn\u00e9tique<\/h3>\n\n\n\n<p>Votre frigo est un peu froid ? (pun intended \ud83d\ude09) Avec ce tout nouveau <a href=\"https:\/\/www.smartphoto.fr\/calendrier-photo\/calendrier-magnetique\" target=\"_blank\" rel=\"noreferrer noopener\">calendrier magn\u00e9tique personnalis\u00e9<\/a>, il sera magnifiquement d\u00e9cor\u00e9 ! Chaque mois est imprim\u00e9 sur un magnet s\u00e9par\u00e9 donc vous pouvez organiser votre ann\u00e9e comme vous le souhaitez.<\/p>\n\n\n\n<p><strong>Astuce: <\/strong>\u00e0 la fin du mois, vous pouvez d\u00e9couper facilement ces magnets pour ne garder que la partie personnalis\u00e9e. D&rsquo;une pierre deux coups ! \ud83c\udf1e<\/p>\n\n\n<div class=\"wp-block-image\">\n<figure class=\"aligncenter size-full is-resized\"><a href=\"https:\/\/www.smartphoto.fr\/calendrier-photo\/calendrier-magnetique\" target=\"_blank\" rel=\"noopener noreferrer\"><img decoding=\"async\" src=\"https:\/\/storage.googleapis.com\/smartphoto-express-production-wp-blogs-com\/9\/2021\/12\/Calendrier-tendance-2022-9.jpg\" alt=\"Calendrier ann\u00e9e 2024 - calendrier magnets mensuels avec photos\" class=\"wp-image-43204\" style=\"width:836px;height:557px\" \/><\/a><\/figure><\/div>\n\n\n<hr class=\"wp-block-separator has-css-opacity\" \/>\n\n\n\n<h3 class=\"wp-block-heading\"><strong>\ud83d\udcc6 Tapis de souris malin<\/strong><\/h3>\n\n\n\n<p>Avec un <a href=\"https:\/\/www.smartphoto.fr\/calendrier-photo\/tapis-souris-calendrier\" target=\"_blank\" rel=\"noreferrer noopener\">tapis de souris calendrier<\/a>, vous gardez un oeil sur les dates les plus importantes quand vous en avez vraiment besoin ! C&rsquo;est ce qui s&rsquo;appelle litt\u00e9ralement \u00ab\u00a0tenir son planning \u00e0 l&rsquo;oeil\u00a0\u00bb ! \ud83d\ude01<\/p>\n\n\n\n<p>Ce tapis de souris est parfait pour les souris optiques, et a un dessous antid\u00e9rapant. Un outil de travail d\u00e9coratif, pratique et motivant ! Vous trouverez ici <a href=\"https:\/\/www.smartphoto.fr\/cadeaux-photo\/tapis-de-souris-photo\" target=\"_blank\" rel=\"noreferrer noopener\">d&rsquo;autres mod\u00e8les de tapis de souris.<\/a><\/p>\n\n\n\n<figure class=\"wp-block-gallery aligncenter has-nested-images columns-default is-cropped wp-block-gallery-2 is-layout-flex wp-block-gallery-is-layout-flex\">\n<figure class=\"wp-block-image size-full\"><img loading=\"lazy\" decoding=\"async\" width=\"800\" height=\"480\" data-id=\"11516\" src=\"https:\/\/storage.googleapis.com\/smartphoto-express-production-wp-blogs-com\/10\/2023\/09\/MousePadCalendar.jpg\" alt=\"tapis de souris Calendrier 2024\" class=\"wp-image-11516\" srcset=\"https:\/\/storage.googleapis.com\/smartphoto-express-production-wp-blogs-com\/10\/2023\/09\/MousePadCalendar.jpg 800w, https:\/\/storage.googleapis.com\/smartphoto-express-production-wp-blogs-com\/10\/2023\/09\/MousePadCalendar-300x180.jpg 300w, https:\/\/storage.googleapis.com\/smartphoto-express-production-wp-blogs-com\/10\/2023\/09\/MousePadCalendar-768x461.jpg 768w\" sizes=\"auto, (max-width: 800px) 100vw, 800px\" \/><figcaption class=\"wp-element-caption\"><a href=\"https:\/\/www.smartphoto.fr\/calendrier-photo\/tapis-souris-calendrier\" target=\"_blank\" rel=\"noreferrer noopener\">Tapis de souris avec planning 2024<\/a><\/figcaption><\/figure>\n\n\n\n<figure class=\"wp-block-image size-full\"><img loading=\"lazy\" decoding=\"async\" width=\"780\" height=\"537\" data-id=\"11239\" src=\"https:\/\/storage.googleapis.com\/smartphoto-express-production-wp-blogs-com\/10\/2022\/10\/Calendrier-2023-calendrier-sur-tapis-de-souris.jpg\" alt=\"Planning 2024 sur tapis de souris - calendrier original 2024\" class=\"wp-image-11239\" srcset=\"https:\/\/storage.googleapis.com\/smartphoto-express-production-wp-blogs-com\/10\/2022\/10\/Calendrier-2023-calendrier-sur-tapis-de-souris.jpg 780w, https:\/\/storage.googleapis.com\/smartphoto-express-production-wp-blogs-com\/10\/2022\/10\/Calendrier-2023-calendrier-sur-tapis-de-souris-300x207.jpg 300w, https:\/\/storage.googleapis.com\/smartphoto-express-production-wp-blogs-com\/10\/2022\/10\/Calendrier-2023-calendrier-sur-tapis-de-souris-768x529.jpg 768w\" sizes=\"auto, (max-width: 780px) 100vw, 780px\" \/><figcaption class=\"wp-element-caption\"><a href=\"https:\/\/www.smartphoto.be\/fr\/calendrier-photo\/tapis-souris-calendrier?pvc=MousePadXXLCalendar\" target=\"_blank\" rel=\"noreferrer noopener\">Tapis de souris XXL 2024<\/a><\/figcaption><\/figure>\n<\/figure>\n\n\n\n<hr class=\"wp-block-separator has-css-opacity\" \/>\n\n\n\n<h3 class=\"wp-block-heading\"><strong>\ud83d\udcc6 Agenda<\/strong><\/h3>\n\n\n\n<p>Un calendrier, c&rsquo;est bien beau, mais pouvoir l&#8217;emporter partout o\u00f9 vous allez, c&rsquo;est encore mieux ! Entre le digital et le calendrier mural, il y a<a href=\"https:\/\/www.smartphoto.fr\/calendrier-photo\/agenda-photo\" target=\"_blank\" rel=\"noreferrer noopener\"> l&rsquo;agenda papier <\/a>qui comblera les amateurs de jolies photos imprim\u00e9s et d&rsquo;\u00e9criture manuelle.<\/p>\n\n\n\n<p>Vous avez le choix entre plusieurs mod\u00e8les, avec couverture rigide ou souple, avec photo, simili cuir ou en tissu, et munis d&rsquo;une reliure spiral\u00e9e ou encoll\u00e9e&#8230; \ud83d\udcd6<\/p>\n\n\n\n<p>Pour les \u00e9tudiant, vous pouvez aussi choisir le mois de d\u00e9part (septembre) dans les options de cr\u00e9ation du calendrier. <\/p>\n\n\n<div class=\"wp-block-image\">\n<figure class=\"aligncenter size-full\"><img loading=\"lazy\" decoding=\"async\" width=\"780\" height=\"537\" src=\"https:\/\/storage.googleapis.com\/smartphoto-express-production-wp-blogs-com\/10\/2022\/10\/Agenda-photo-2023.jpg\" alt=\"Agenda photo 2024\" class=\"wp-image-11245\" srcset=\"https:\/\/storage.googleapis.com\/smartphoto-express-production-wp-blogs-com\/10\/2022\/10\/Agenda-photo-2023.jpg 780w, https:\/\/storage.googleapis.com\/smartphoto-express-production-wp-blogs-com\/10\/2022\/10\/Agenda-photo-2023-300x207.jpg 300w, https:\/\/storage.googleapis.com\/smartphoto-express-production-wp-blogs-com\/10\/2022\/10\/Agenda-photo-2023-768x529.jpg 768w\" sizes=\"auto, (max-width: 780px) 100vw, 780px\" \/><\/figure><\/div>\n\n\n<hr class=\"wp-block-separator has-css-opacity\" \/>\n\n\n\n<h3 class=\"wp-block-heading\"><strong>\ud83d\udcc6 Le cahier avec planner ou \u00ab\u00a0bullet journal\u00a0\u00bb<\/strong><\/h3>\n\n\n\n<p>Vous aimez cr\u00e9er vous m\u00eame vos<a href=\"https:\/\/www.smartphoto.fr\/calendrier-photo\/cahier-photo-calendrier\" target=\"_blank\" rel=\"noreferrer noopener\"> agendas en mode \u00ab\u00a0bullet journal\u00a0\u00bb<\/a> ? Ou vous voulez un cahier qui vous permette aussi de vous organiser, tenir vos comptes, etc ? Alors vous pourriez bien devenir accro \u00e0 ce cahier d&rsquo;\u00e9criture avec une couverture personnalis\u00e9e dot\u00e9e d&rsquo;un planning annuel. <\/p>\n\n\n\n<p>Super pratique, vous pouvez barrer les jours au fur et \u00e0 mesure et profiter de vos plus belles photos toute l&rsquo;ann\u00e9e.<\/p>\n\n\n\n<p>Ce cahier est disponible en format <strong>A4 ou A5<\/strong>, et est garni de 160 pages blanches quadrill\u00e9es. Vous pouvez personnaliser la couverture avec vos photos, \u00e0 l&rsquo;avant et \u00e0 l&rsquo;arri\u00e8re du cahier. \ud83d\ude43<\/p>\n\n\n<div class=\"wp-block-image\">\n<figure class=\"aligncenter size-full\"><img loading=\"lazy\" decoding=\"async\" width=\"800\" height=\"532\" src=\"https:\/\/storage.googleapis.com\/smartphoto-express-production-wp-blogs-com\/10\/2023\/09\/NotebookCalendar_Shoot_Lifestyle8.jpg\" alt=\"Calendrier planning 2024 original -carnet avec planning 2024\" class=\"wp-image-11520\" srcset=\"https:\/\/storage.googleapis.com\/smartphoto-express-production-wp-blogs-com\/10\/2023\/09\/NotebookCalendar_Shoot_Lifestyle8.jpg 800w, https:\/\/storage.googleapis.com\/smartphoto-express-production-wp-blogs-com\/10\/2023\/09\/NotebookCalendar_Shoot_Lifestyle8-300x200.jpg 300w, https:\/\/storage.googleapis.com\/smartphoto-express-production-wp-blogs-com\/10\/2023\/09\/NotebookCalendar_Shoot_Lifestyle8-768x511.jpg 768w\" sizes=\"auto, (max-width: 800px) 100vw, 800px\" \/><\/figure><\/div>\n\n\n<hr class=\"wp-block-separator has-css-opacity\" \/>\n\n\n\n<h3 class=\"wp-block-heading\"><strong>\ud83d\udcc6 Le classique calendrier mural, en mieux !<\/strong><\/h3>\n\n\n\n<p>Vous aimez la tendance, mais appr\u00e9ciez le confort familier des grands classiques ? Red\u00e9couvrez<a href=\"https:\/\/www.smartphoto.fr\/calendrier-photo\/calendrier-mural\" target=\"_blank\" rel=\"noreferrer noopener\"> le calendrier mural<\/a> gr\u00e2ce \u00e0 smartphoto : Un beau papier, 6 formats, vos plus belles photos, et m\u00eame vos \u00e9v\u00e8nements personnalis\u00e9s ! Choisissez un beau design, d\u00e9terminez votre mois de d\u00e9part, et vous aurez le calendrier tendance 2024 dont vous r\u00eavez ! \ud83d\udccc<\/p>\n\n\n\n<p><strong>Astuce: <\/strong>Vous offrez un calendrier en cadeau ? Vous pouvez pr\u00e9remplir votre agenda \u00e0 une date secr\u00e8te pour une activit\u00e9 ou \u00e9v\u00e8nement surprise. Voil\u00e0 de quoi en faire un cadeau vraiment au top !<\/p>\n\n\n<div class=\"wp-block-image\">\n<figure class=\"aligncenter size-full\"><img loading=\"lazy\" decoding=\"async\" width=\"800\" height=\"532\" src=\"https:\/\/storage.googleapis.com\/smartphoto-express-production-wp-blogs-com\/10\/2023\/09\/WallCalendar_Shoot_Lifestyle13.jpg\" alt=\"Un calendrier pour l'ann\u00e9e 2024 ? C'est par ici !\" class=\"wp-image-11519\" srcset=\"https:\/\/storage.googleapis.com\/smartphoto-express-production-wp-blogs-com\/10\/2023\/09\/WallCalendar_Shoot_Lifestyle13.jpg 800w, https:\/\/storage.googleapis.com\/smartphoto-express-production-wp-blogs-com\/10\/2023\/09\/WallCalendar_Shoot_Lifestyle13-300x200.jpg 300w, https:\/\/storage.googleapis.com\/smartphoto-express-production-wp-blogs-com\/10\/2023\/09\/WallCalendar_Shoot_Lifestyle13-768x511.jpg 768w\" sizes=\"auto, (max-width: 800px) 100vw, 800px\" \/><\/figure><\/div>\n\n\n<hr class=\"wp-block-separator has-css-opacity\" \/>\n\n\n\n<p><strong>Vous avez command\u00e9 votre calendrier ? Partagez une photo de votre cr\u00e9ation avec le #mysmartphoto sur les r\u00e9seaux sociaux !<\/strong><\/p>\n","protected":false},"excerpt":{"rendered":"<p>Vous avez besoin d&rsquo;un calendrier pour l&rsquo;ann\u00e9e 2024 ? D\u00e9couvrez tous les calendriers tendance, les designs et les options ! Bonne ann\u00e9e \ud83d\ude42<\/p>\n","protected":false},"author":39,"featured_media":10729,"comment_status":"open","ping_status":"open","sticky":false,"template":"","format":"standard","meta":{"om_disable_all_campaigns":false,"_monsterinsights_skip_tracking":false,"_monsterinsights_sitenote_active":false,"_monsterinsights_sitenote_note":"","_monsterinsights_sitenote_category":0,"footnotes":""},"categories":[79,1],"tags":[],"class_list":["post-10728","post","type-post","status-publish","format-standard","has-post-thumbnail","hentry","category-nouvel-an","category-smartphoto"],"yoast_head":"<!-- This site is optimized with the Yoast SEO plugin v23.8 - https:\/\/yoast.com\/wordpress\/plugins\/seo\/ -->\n<title>Un calendrier pour 2024 ? C&#039;est par ici !<\/title>\n<meta name=\"description\" content=\"Un nouveau calendrier pour une nouvelle ann\u00e9e fantastique ? D\u00e9couvrez tous nos calendriers pour 2024 et cr\u00e9ez celui qui vous correspond.\" \/>\n<meta name=\"robots\" content=\"index, follow, max-snippet:-1, max-image-preview:large, max-video-preview:-1\" \/>\n<link rel=\"canonical\" href=\"https:\/\/www.smartphoto.fr\/inspiration\/calendrier-annee-2024\" \/>\n<meta property=\"og:locale\" content=\"fr_FR\" \/>\n<meta property=\"og:type\" content=\"article\" \/>\n<meta property=\"og:title\" content=\"Un calendrier pour 2024 ? C&#039;est par ici !\" \/>\n<meta property=\"og:description\" content=\"Un nouveau calendrier pour une nouvelle ann\u00e9e fantastique ? D\u00e9couvrez tous nos calendriers pour 2024 et cr\u00e9ez celui qui vous correspond.\" \/>\n<meta property=\"og:url\" content=\"https:\/\/www.smartphoto.fr\/inspiration\/calendrier-annee-2024\" \/>\n<meta property=\"og:site_name\" content=\"smartphoto FR\" \/>\n<meta property=\"article:publisher\" content=\"https:\/\/www.facebook.com\/smartphoto.fr\" \/>\n<meta property=\"article:published_time\" content=\"2023-09-28T14:04:32+00:00\" \/>\n<meta property=\"article:modified_time\" content=\"2025-08-21T14:05:39+00:00\" \/>\n<meta property=\"og:image\" content=\"https:\/\/storage.googleapis.com\/smartphoto-express-production-wp-blogs-com\/10\/2021\/12\/Calendrier-tendance-2022-6.jpg\" \/>\n\t<meta property=\"og:image:width\" content=\"800\" \/>\n\t<meta property=\"og:image:height\" content=\"533\" \/>\n\t<meta property=\"og:image:type\" content=\"image\/jpeg\" \/>\n<meta name=\"author\" content=\"Caroline\" \/>\n<meta name=\"twitter:card\" content=\"summary_large_image\" \/>\n<meta name=\"twitter:creator\" content=\"@smartphoto_fr\" \/>\n<meta name=\"twitter:site\" content=\"@smartphoto_fr\" \/>\n<meta name=\"twitter:label1\" content=\"Written by\" \/>\n\t<meta name=\"twitter:data1\" content=\"Caroline\" \/>\n\t<meta name=\"twitter:label2\" content=\"Est. reading time\" \/>\n\t<meta name=\"twitter:data2\" content=\"7 minutes\" \/>\n<script type=\"application\/ld+json\" class=\"yoast-schema-graph\">{\"@context\":\"https:\/\/schema.org\",\"@graph\":[{\"@type\":\"WebPage\",\"@id\":\"https:\/\/www.smartphoto.fr\/inspiration\/calendrier-annee-2024\",\"url\":\"https:\/\/www.smartphoto.fr\/inspiration\/calendrier-annee-2024\",\"name\":\"Un calendrier pour 2024 ? C'est par ici !\",\"isPartOf\":{\"@id\":\"https:\/\/www.smartphoto.fr\/inspiration\/#website\"},\"primaryImageOfPage\":{\"@id\":\"https:\/\/www.smartphoto.fr\/inspiration\/calendrier-annee-2024#primaryimage\"},\"image\":{\"@id\":\"https:\/\/www.smartphoto.fr\/inspiration\/calendrier-annee-2024#primaryimage\"},\"thumbnailUrl\":\"https:\/\/storage.googleapis.com\/smartphoto-express-production-wp-blogs-com\/10\/2021\/12\/Calendrier-tendance-2022-6.jpg\",\"datePublished\":\"2023-09-28T14:04:32+00:00\",\"dateModified\":\"2025-08-21T14:05:39+00:00\",\"author\":{\"@id\":\"https:\/\/www.smartphoto.fr\/inspiration\/#\/schema\/person\/14abe7c86f4bda0d741e3ec66a39733e\"},\"description\":\"Un nouveau calendrier pour une nouvelle ann\u00e9e fantastique ? D\u00e9couvrez tous nos calendriers pour 2024 et cr\u00e9ez celui qui vous correspond.\",\"breadcrumb\":{\"@id\":\"https:\/\/www.smartphoto.fr\/inspiration\/calendrier-annee-2024#breadcrumb\"},\"inLanguage\":\"fr-FR\",\"potentialAction\":[{\"@type\":\"ReadAction\",\"target\":[\"https:\/\/www.smartphoto.fr\/inspiration\/calendrier-annee-2024\"]}]},{\"@type\":\"ImageObject\",\"inLanguage\":\"fr-FR\",\"@id\":\"https:\/\/www.smartphoto.fr\/inspiration\/calendrier-annee-2024#primaryimage\",\"url\":\"https:\/\/storage.googleapis.com\/smartphoto-express-production-wp-blogs-com\/10\/2021\/12\/Calendrier-tendance-2022-6.jpg\",\"contentUrl\":\"https:\/\/storage.googleapis.com\/smartphoto-express-production-wp-blogs-com\/10\/2021\/12\/Calendrier-tendance-2022-6.jpg\",\"width\":800,\"height\":533},{\"@type\":\"BreadcrumbList\",\"@id\":\"https:\/\/www.smartphoto.fr\/inspiration\/calendrier-annee-2024#breadcrumb\",\"itemListElement\":[{\"@type\":\"ListItem\",\"position\":1,\"name\":\"Home\",\"item\":\"https:\/\/www.smartphoto.fr\/inspiration\/\"},{\"@type\":\"ListItem\",\"position\":2,\"name\":\"Un calendrier pour 2024 ? C&rsquo;est par ici !\"}]},{\"@type\":\"WebSite\",\"@id\":\"https:\/\/www.smartphoto.fr\/inspiration\/#website\",\"url\":\"https:\/\/www.smartphoto.fr\/inspiration\/\",\"name\":\"smartphoto FR\",\"description\":\"Le blog de smartphoto France.\",\"potentialAction\":[{\"@type\":\"SearchAction\",\"target\":{\"@type\":\"EntryPoint\",\"urlTemplate\":\"https:\/\/www.smartphoto.fr\/inspiration\/?s={search_term_string}\"},\"query-input\":{\"@type\":\"PropertyValueSpecification\",\"valueRequired\":true,\"valueName\":\"search_term_string\"}}],\"inLanguage\":\"fr-FR\"},{\"@type\":\"Person\",\"@id\":\"https:\/\/www.smartphoto.fr\/inspiration\/#\/schema\/person\/14abe7c86f4bda0d741e3ec66a39733e\",\"name\":\"Caroline\",\"image\":{\"@type\":\"ImageObject\",\"inLanguage\":\"fr-FR\",\"@id\":\"https:\/\/www.smartphoto.fr\/inspiration\/#\/schema\/person\/image\/\",\"url\":\"https:\/\/secure.gravatar.com\/avatar\/3bf4c2775ae12d0bb3bb504b56a0508c?s=96&d=mm&r=g\",\"contentUrl\":\"https:\/\/secure.gravatar.com\/avatar\/3bf4c2775ae12d0bb3bb504b56a0508c?s=96&d=mm&r=g\",\"caption\":\"Caroline\"},\"description\":\"Des id\u00e9es cr\u00e9atives pour vous inspirer, des sujets qui vous aident vraiment dans votre quotidien, voil\u00e0 ce que j'esp\u00e8re partager avec vous via ce blog. Quand je ne blogue pas pour smartphoto, je profites de bons moments en famille avec mon ch\u00e9ri et mes enfants, ou j'\u00e9tudie et je pratique le yoga.\",\"sameAs\":[\"http:\/\/www.smartphoto.fr\/inspiration\",\"https:\/\/www.instagram.com\/smartphoto_fr\/\"],\"url\":\"https:\/\/www.smartphoto.fr\/inspiration\/author\/caroline\"}]}<\/script>\n<!-- \/ Yoast SEO plugin. -->","yoast_head_json":{"title":"Un calendrier pour 2024 ? C'est par ici !","description":"Un nouveau calendrier pour une nouvelle ann\u00e9e fantastique ? D\u00e9couvrez tous nos calendriers pour 2024 et cr\u00e9ez celui qui vous correspond.","robots":{"index":"index","follow":"follow","max-snippet":"max-snippet:-1","max-image-preview":"max-image-preview:large","max-video-preview":"max-video-preview:-1"},"canonical":"https:\/\/www.smartphoto.fr\/inspiration\/calendrier-annee-2024","og_locale":"fr_FR","og_type":"article","og_title":"Un calendrier pour 2024 ? C'est par ici !","og_description":"Un nouveau calendrier pour une nouvelle ann\u00e9e fantastique ? D\u00e9couvrez tous nos calendriers pour 2024 et cr\u00e9ez celui qui vous correspond.","og_url":"https:\/\/www.smartphoto.fr\/inspiration\/calendrier-annee-2024","og_site_name":"smartphoto FR","article_publisher":"https:\/\/www.facebook.com\/smartphoto.fr","article_published_time":"2023-09-28T14:04:32+00:00","article_modified_time":"2025-08-21T14:05:39+00:00","og_image":[{"width":800,"height":533,"url":"https:\/\/storage.googleapis.com\/smartphoto-express-production-wp-blogs-com\/10\/2021\/12\/Calendrier-tendance-2022-6.jpg","type":"image\/jpeg"}],"author":"Caroline","twitter_card":"summary_large_image","twitter_creator":"@smartphoto_fr","twitter_site":"@smartphoto_fr","twitter_misc":{"Written by":"Caroline","Est. reading time":"7 minutes"},"schema":{"@context":"https:\/\/schema.org","@graph":[{"@type":"WebPage","@id":"https:\/\/www.smartphoto.fr\/inspiration\/calendrier-annee-2024","url":"https:\/\/www.smartphoto.fr\/inspiration\/calendrier-annee-2024","name":"Un calendrier pour 2024 ? C'est par ici !","isPartOf":{"@id":"https:\/\/www.smartphoto.fr\/inspiration\/#website"},"primaryImageOfPage":{"@id":"https:\/\/www.smartphoto.fr\/inspiration\/calendrier-annee-2024#primaryimage"},"image":{"@id":"https:\/\/www.smartphoto.fr\/inspiration\/calendrier-annee-2024#primaryimage"},"thumbnailUrl":"https:\/\/storage.googleapis.com\/smartphoto-express-production-wp-blogs-com\/10\/2021\/12\/Calendrier-tendance-2022-6.jpg","datePublished":"2023-09-28T14:04:32+00:00","dateModified":"2025-08-21T14:05:39+00:00","author":{"@id":"https:\/\/www.smartphoto.fr\/inspiration\/#\/schema\/person\/14abe7c86f4bda0d741e3ec66a39733e"},"description":"Un nouveau calendrier pour une nouvelle ann\u00e9e fantastique ? D\u00e9couvrez tous nos calendriers pour 2024 et cr\u00e9ez celui qui vous correspond.","breadcrumb":{"@id":"https:\/\/www.smartphoto.fr\/inspiration\/calendrier-annee-2024#breadcrumb"},"inLanguage":"fr-FR","potentialAction":[{"@type":"ReadAction","target":["https:\/\/www.smartphoto.fr\/inspiration\/calendrier-annee-2024"]}]},{"@type":"ImageObject","inLanguage":"fr-FR","@id":"https:\/\/www.smartphoto.fr\/inspiration\/calendrier-annee-2024#primaryimage","url":"https:\/\/storage.googleapis.com\/smartphoto-express-production-wp-blogs-com\/10\/2021\/12\/Calendrier-tendance-2022-6.jpg","contentUrl":"https:\/\/storage.googleapis.com\/smartphoto-express-production-wp-blogs-com\/10\/2021\/12\/Calendrier-tendance-2022-6.jpg","width":800,"height":533},{"@type":"BreadcrumbList","@id":"https:\/\/www.smartphoto.fr\/inspiration\/calendrier-annee-2024#breadcrumb","itemListElement":[{"@type":"ListItem","position":1,"name":"Home","item":"https:\/\/www.smartphoto.fr\/inspiration\/"},{"@type":"ListItem","position":2,"name":"Un calendrier pour 2024 ? C&rsquo;est par ici !"}]},{"@type":"WebSite","@id":"https:\/\/www.smartphoto.fr\/inspiration\/#website","url":"https:\/\/www.smartphoto.fr\/inspiration\/","name":"smartphoto FR","description":"Le blog de smartphoto France.","potentialAction":[{"@type":"SearchAction","target":{"@type":"EntryPoint","urlTemplate":"https:\/\/www.smartphoto.fr\/inspiration\/?s={search_term_string}"},"query-input":{"@type":"PropertyValueSpecification","valueRequired":true,"valueName":"search_term_string"}}],"inLanguage":"fr-FR"},{"@type":"Person","@id":"https:\/\/www.smartphoto.fr\/inspiration\/#\/schema\/person\/14abe7c86f4bda0d741e3ec66a39733e","name":"Caroline","image":{"@type":"ImageObject","inLanguage":"fr-FR","@id":"https:\/\/www.smartphoto.fr\/inspiration\/#\/schema\/person\/image\/","url":"https:\/\/secure.gravatar.com\/avatar\/3bf4c2775ae12d0bb3bb504b56a0508c?s=96&d=mm&r=g","contentUrl":"https:\/\/secure.gravatar.com\/avatar\/3bf4c2775ae12d0bb3bb504b56a0508c?s=96&d=mm&r=g","caption":"Caroline"},"description":"Des id\u00e9es cr\u00e9atives pour vous inspirer, des sujets qui vous aident vraiment dans votre quotidien, voil\u00e0 ce que j'esp\u00e8re partager avec vous via ce blog. Quand je ne blogue pas pour smartphoto, je profites de bons moments en famille avec mon ch\u00e9ri et mes enfants, ou j'\u00e9tudie et je pratique le yoga.","sameAs":["http:\/\/www.smartphoto.fr\/inspiration","https:\/\/www.instagram.com\/smartphoto_fr\/"],"url":"https:\/\/www.smartphoto.fr\/inspiration\/author\/caroline"}]}},"_links":{"self":[{"href":"https:\/\/www.smartphoto.fr\/inspiration\/wp-json\/wp\/v2\/posts\/10728","targetHints":{"allow":["GET"]}}],"collection":[{"href":"https:\/\/www.smartphoto.fr\/inspiration\/wp-json\/wp\/v2\/posts"}],"about":[{"href":"https:\/\/www.smartphoto.fr\/inspiration\/wp-json\/wp\/v2\/types\/post"}],"author":[{"embeddable":true,"href":"https:\/\/www.smartphoto.fr\/inspiration\/wp-json\/wp\/v2\/users\/39"}],"replies":[{"embeddable":true,"href":"https:\/\/www.smartphoto.fr\/inspiration\/wp-json\/wp\/v2\/comments?post=10728"}],"version-history":[{"count":13,"href":"https:\/\/www.smartphoto.fr\/inspiration\/wp-json\/wp\/v2\/posts\/10728\/revisions"}],"predecessor-version":[{"id":12681,"href":"https:\/\/www.smartphoto.fr\/inspiration\/wp-json\/wp\/v2\/posts\/10728\/revisions\/12681"}],"wp:featuredmedia":[{"embeddable":true,"href":"https:\/\/www.smartphoto.fr\/inspiration\/wp-json\/wp\/v2\/media\/10729"}],"wp:attachment":[{"href":"https:\/\/www.smartphoto.fr\/inspiration\/wp-json\/wp\/v2\/media?parent=10728"}],"wp:term":[{"taxonomy":"category","embeddable":true,"href":"https:\/\/www.smartphoto.fr\/inspiration\/wp-json\/wp\/v2\/categories?post=10728"},{"taxonomy":"post_tag","embeddable":true,"href":"https:\/\/www.smartphoto.fr\/inspiration\/wp-json\/wp\/v2\/tags?post=10728"}],"curies":[{"name":"wp","href":"https:\/\/api.w.org\/{rel}","templated":true}]}}