{"id":10273,"date":"2020-11-02T10:59:20","date_gmt":"2020-11-02T09:59:20","guid":{"rendered":"\/inspiration\/?p=10273"},"modified":"2021-07-19T17:19:33","modified_gmt":"2021-07-19T15:19:33","slug":"comment-feter-noel-en-2020","status":"publish","type":"post","link":"https:\/\/www.smartphoto.fr\/inspiration\/comment-feter-noel-en-2020","title":{"rendered":"F\u00eater No\u00ebl en 2020&#8230; voici comment s&rsquo;organiser !"},"content":{"rendered":"\n<p class=\"has-drop-cap\">Youpie ! \ud83c\udf84 Apr\u00e8s l&rsquo;ann\u00e9e si \u00e9trange que nous venons d&rsquo;avoir, quel plaisir de penser \u00e0 organiser les f\u00eates de fin d&rsquo;ann\u00e9e ! Se retrouver tous ensemble, bien serr\u00e9s au coin du feu&#8230; \ud83d\udd25 Biiiip ! Ah non, f\u00eater No\u00ebl en 2020 aura probablement une saveur un peu diff\u00e9rente. D\u00e9couvrez nos <strong>conseils<\/strong> pour des <strong>f\u00eates  chaleureuses, joyeuses,<\/strong> et dont on sortira tous en <strong>bonne sant\u00e9 <\/strong>!  \u2744\ufe0f\ud83d\udc47<\/p>\n\n\n\n<figure class=\"wp-block-image size-large\"><a href=\"https:\/\/www.smartphoto.fr\/noel\/decoration-noel\" target=\"_blank\" rel=\"noopener noreferrer\"><img decoding=\"async\" src=\"https:\/\/storage.googleapis.com\/smartphoto-express-production-wp-blogs-com\/9\/2020\/10\/Comment-f\u00eater-No\u00ebl-en-2020-conseils-et-astuces.jpg\" alt=\"D\u00e9couvrez nos conseils pour des f\u00eates  chaleureuses, joyeuses, et dont on sortira tous en bonne sant\u00e9 ! \" class=\"wp-image-42444\" \/><\/a><\/figure>\n\n\n\n<hr class=\"wp-block-separator\" \/>\n\n\n\n<h3 class=\"wp-block-heading\"><strong>\ud83c\udf84 Avant toute chose : restez inform\u00e9s &#8230;<\/strong><\/h3>\n\n\n\n<p>A l&rsquo;heure o\u00f9 l&rsquo;on \u00e9crit ces lignes, on ne sait pas encore quelles seront les r\u00e8gles exactes pour les f\u00eates de No\u00ebl. Quoiqu&rsquo;il en soit, il y a quelques principes qu&rsquo;il faudra de toute fa\u00e7on respecter : <\/p>\n\n\n\n<ul class=\"wp-block-list\"><li>Informez vous sur les autorisations de contact et de ressemblement.<\/li><li>Quoiqu(il en soit, <strong>au moindre sympt\u00f4mes (fi\u00e8vre, toux, &#8230;), on reste \u00e0 la maison<\/strong>.\ud83e\udd12 <\/li><li>Toute personne qui a \u00e9t\u00e9 en contact avec un malade connu du coronavirus doit respecter une p\u00e9riode d&rsquo;isolement. <\/li><li>Vous trouverez des informations plus pr\u00e9cises et \u00e0 jour sur  www.gouvernement.fr\/info-coronavirus ou aupr\u00e8s de votre m\u00e9decin. <\/li><\/ul>\n\n\n\n<p>Cependant, \u00ab\u00a0\u00e0 la maison\u00a0\u00bb ne rime pas avec \u00ab\u00a0priv\u00e9 de f\u00eate\u00a0\u00bb. Pour f\u00eater No\u00ebl avec vos proches, n&rsquo;h\u00e9sitez pas \u00e0 utiliser <strong>Skype, Zoom ou Facetime<\/strong>  ! \ud83d\udcf1\ud83d\udcbb<\/p>\n\n\n\n<p>Vous pouvez aussi envoyer un cadeau \u00e0 une personne qui reste chez elle : consultez ici la liste des <a href=\"https:\/\/www.smartphoto.fr\/cadeau-attentionne\">cadeaux \u00e0 envoyer avec une carte personnalis\u00e9e<\/a>. Choisissez bien l&rsquo;adresse de vos amis pour la livraison. Dites-leur de conserver le colis ferm\u00e9, l&rsquo;\u00e9motion du d\u00e9ballage sera pour le jour J ! \ud83c\udf81<\/p>\n\n\n\n<figure class=\"wp-block-image size-large is-resized\"><a href=\"https:\/\/www.smartphoto.fr\/cadeau-attentionne\" target=\"_blank\" rel=\"noopener noreferrer\"><img loading=\"lazy\" decoding=\"async\" src=\"https:\/\/storage.googleapis.com\/smartphoto-express-production-wp-blogs-com\/7\/2020\/10\/phpbNdsL6_57ebb704ab566_57ebb7be06841.jpg\" alt=\"D\u00e9couvrez nos conseils pour f\u00eater No\u00ebl en 2020 : Prudence, au moindre sympt\u00f4me, restez \u00e0 la maison.\" class=\"wp-image-46729\" width=\"580\" height=\"386\" \/><\/a><\/figure>\n\n\n\n<hr class=\"wp-block-separator\" \/>\n\n\n\n<h3 class=\"wp-block-heading\"><strong>\ud83c\udf84 F\u00eater No\u00ebl en 2020 = bien communiquer sur les r\u00e8gles \u00e0 respecter<\/strong><\/h3>\n\n\n\n<p>On peut esp\u00e9rer tr\u00e8s fort que le jour de No\u00ebl, on pourra recevoir l&rsquo;une ou l&rsquo;autre personne \u00e0 la maison. Dans ce cas, certaines r\u00e8gles de distanciation peuvent permettre que chacun s&rsquo;en sorte avec plus de joie et sans microbes ! Soyez clair avec vos invit\u00e9s sur ces r\u00e8gles \u00e0 respecter et ajoutez quelques points importants directement <a href=\"https:\/\/www.smartphoto.fr\/faire-part-cartes\/invitations\">dans l&rsquo;invitation<\/a> :<\/p>\n\n\n\n<p>\u2714 <strong>Emmenez votre masque<\/strong> : le masque est n\u00e9cessaire d\u00e8s le pas de la porte jusqu&rsquo;au moment o\u00f9 l&rsquo;on s&rsquo;assoit \u00e0 sa place. Vous vous levez pour aller \u00e0 la toilette ?\ud83d\ude37 Replacez votre masque, et restez autant que possible \u00e0 votre place (pr\u00e9vues avec la bonne distance). <strong>Astuce: <\/strong> Commandez des <a href=\"https:\/\/www.smartphoto.fr\/cadeaux-photo\/masque_buccal\">masques personnalis\u00e9s<\/a> et donnez le ton d\u00e8s l&rsquo;arriv\u00e9e de vos invit\u00e9s ! \ud83d\ude04<\/p>\n\n\n\n<p>\u2714 <strong>Les microbes ne sont pas invit\u00e9s !<\/strong> Lavez et d\u00e9sinfectez vos mains \u00e0 l&rsquo;arriv\u00e9e, apr\u00e8s chaque visite aux toilettes, apr\u00e8s avoir touch\u00e9 votre masque, etc. Bref, lavez-vous les mains ! \ud83e\udd32<\/p>\n\n\n\n<p>\u2714 En dehors de votre bulle, <strong>pas de bisou, pas de c\u00e2lin<\/strong>, et on ne se serre pas la main &#8230; comment on se salue, alors ? Un bonjour de loin, un bisou qui vole ou un \u00ab\u00a0corona check\u00a0\u00bb, ce sont les nouvelles habitudes de 2020 ! \ud83d\ude0e<\/p>\n\n\n\n<figure class=\"wp-block-image size-large is-resized\"><a href=\"https:\/\/www.smartphoto.fr\/cadeaux-photo\/masque_buccal\" target=\"_blank\" rel=\"noopener noreferrer\"><img loading=\"lazy\" decoding=\"async\" src=\"https:\/\/storage.googleapis.com\/smartphoto-express-production-wp-blogs-com\/7\/2020\/10\/Blog_Xmas_Mask.jpg\" alt=\"D\u00e9couvrez nos conseils pour f\u00eater No\u00ebl en 2020 : portez votre masque\" class=\"wp-image-46738\" width=\"580\" height=\"322\" \/><\/a><\/figure>\n\n\n\n<hr class=\"wp-block-separator\" \/>\n\n\n\n<h3 class=\"wp-block-heading\"><strong>\ud83c\udf84 Structurez l&rsquo;espace<\/strong><\/h3>\n\n\n\n<p>Pour une f\u00eate dont tout le monde sort en bonne sant\u00e9, on veille \u00e0 bien pr\u00e9parer le lieu. Installez des <strong>places fixes \u00e0 1,5m<\/strong> de distance les unes des autres. Vous pouvez aussi marquer l&#8217;emplacement des chaises avec un joli papier collant \u00ab\u00a0washi tape\u00a0\u00bb de No\u00ebl. A table, placez des <a href=\"https:\/\/www.smartphoto.fr\/faire-part-cartes\/marque-place-personnalise\">cartes nominatives<\/a> afin que chacun trouve rapidement sa place \ud83d\udd1b<\/p>\n\n\n\n<p>Pssst&#8230; Prenez une place strat\u00e9gique&#8230; Bien loin de tante Rita par exemple \ud83d\ude07<\/p>\n\n\n\n<figure class=\"wp-block-image size-large is-resized\"><a href=\"https:\/\/www.smartphoto.fr\/faire-part-cartes\/marque-place-personnalise\" target=\"_blank\" rel=\"noopener noreferrer\"><img loading=\"lazy\" decoding=\"async\" src=\"https:\/\/storage.googleapis.com\/smartphoto-express-production-wp-blogs-com\/7\/2020\/10\/phpa48ABf_5b9a738de6e73_5b9a73f039c5c.jpg\" alt=\"D\u00e9couvrez nos conseils pour f\u00eater No\u00ebl en 2020 :  Marquez les places \u00e0 table, l'emplacement des chaises au salon, etc.\" class=\"wp-image-46733\" width=\"580\" height=\"386\" \/><\/a><\/figure>\n\n\n\n<p>M\u00eame si l&rsquo;on r\u00eave tous de chanter joyeusement sur \u00ab\u00a0All I want for christmas\u00a0\u00bb de Mariah Carey, il est conseill\u00e9 de ne PAS mettre la musique trop fort &#8230; qu&rsquo;est-ce que c&rsquo;est que ce rabat-joie, direz-vous ? Eh bien, on postillonne davantage quand on doit parler fort. Ah, tout s&rsquo;explique. Pas de chant, pas de karaok\u00e9, &#8230; en tous cas pas pour cette ann\u00e9e. \ud83c\udfb6<\/p>\n\n\n\n<hr class=\"wp-block-separator\" \/>\n\n\n\n<h3 class=\"wp-block-heading\"><strong>\ud83c\udf84 Portions individuelles<\/strong><\/h3>\n\n\n\n<p>Voil\u00e0 un petit changement d&rsquo;habitude qui va nous pousser \u00e0 \u00eatre cr\u00e9atifs : pas de buffet, pas de grands plats \u00e0 partager, ou de saladier de chips dans lesquelles tout le monde plonge la main apr\u00e8s s&rsquo;\u00eatre l\u00e9ch\u00e9s les doigts (on faisait \u00e7a, vraiment?). Pr\u00e9voyez <strong>des portions individuelles<\/strong> pour chaque invit\u00e9, et lavez-vous bien les mains avant de les servir.\ud83c\udf72<\/p>\n\n\n\n<p>Attention, \u00e7a vaut pour tous les plats de l&rsquo;ap\u00e9ro au dessert, le principe est d&rsquo;\u00e9viter que plusieurs personnes touchent les m\u00eames choses \ud83d\ude4a<\/p>\n\n\n\n<figure class=\"wp-block-image size-large is-resized\"><img loading=\"lazy\" decoding=\"async\" src=\"https:\/\/storage.googleapis.com\/smartphoto-express-production-wp-blogs-com\/7\/2020\/10\/phpP5nS08_5b6d5142abe91_5b6d51d57b102.jpg\" alt=\"D\u00e9couvrez nos conseils pour f\u00eater No\u00ebl en 2020 : servez des portions individuelles : pas de buffet, pas de grand plat de service\" class=\"wp-image-46740\" width=\"580\" height=\"386\" \/><\/figure>\n\n\n\n<hr class=\"wp-block-separator\" \/>\n\n\n\n<h3 class=\"wp-block-heading\"><strong>\ud83c\udf84 Personnalisez les (sous-)verres<\/strong><\/h3>\n\n\n\n<p>\u00ab\u00a0Ah zut, c&rsquo;est ton verre ou le mien ?\u00a0\u00bb \ud83e\udd37\u200d\u2640\ufe0f On \u00e9vite les accidents en identifiant clairement le verre de chacun. Plusieurs m\u00e9thodes s&rsquo;offrent \u00e0 vous : <\/p>\n\n\n\n<ul class=\"wp-block-list\"><li><a href=\"https:\/\/www.smartphoto.fr\/cadeaux-photo\/sous-verres-photo\">Pr\u00e9voyez des sous-verres personnalis\u00e9s<\/a> pour chacun<\/li><li>Imprimez des stickers pour identifier chaque verre (les <a href=\"https:\/\/www.smartphoto.fr\/cadeaux-photo\/etiquettes-enfant\">stickers photo<\/a> sont parfait pour les enfants\ud83e\udd17) <\/li><li><a href=\"https:\/\/www.smartphoto.fr\/cadeaux-photo\/verres-graves\">Faites graver vos verres<\/a> avec le nom des invit\u00e9s (bon, ce n&rsquo;est pas le m\u00eame budget, mais quand on aime&#8230;)\ud83e\udd42<\/li><\/ul>\n\n\n\n<p>De la m\u00eame fa\u00e7on, vous pouvez d\u00e9cider de personnaliser les sets de tables, les serviettes, voire m\u00eame les assiettes pour enfant. D\u00e9couvrez ici toute notre collection d&rsquo;objets \u00e0 personnaliser pour la <a href=\"https:\/\/www.smartphoto.fr\/noel\/decoration-noel\/decoration-table-noel\">d\u00e9coration de table de No\u00ebl<\/a>.<\/p>\n\n\n\n<figure class=\"wp-block-image size-large\"><img decoding=\"async\" src=\"https:\/\/storage.googleapis.com\/smartphoto-express-production-wp-blogs-com\/7\/2020\/10\/phpQQootW_5810792751a8a_58107930a198a.jpg\" alt=\"D\u00e9couvrez nos conseils pour f\u00eater No\u00ebl en 2020 : On s'assure que chacun garde bien son verre pour lui\" class=\"wp-image-46797\" \/><\/figure>\n\n\n\n<hr class=\"wp-block-separator\" \/>\n\n\n\n<h3 class=\"wp-block-heading\"><strong>\ud83c\udf84 Pr\u00e9voyez des petits cadeaux individuels<\/strong><\/h3>\n\n\n\n<p>Pour chaque invit\u00e9, pr\u00e9voyez des petits cadeaux utiles pour que tout se d\u00e9roule en toute s\u00e9curit\u00e9. Vous pouvez l&rsquo;annoncer comme un \u00ab\u00a0cadeau sant\u00e9\u00a0\u00bb de la part du P\u00e8re No\u00ebl ! \ud83e\udd2d<\/p>\n\n\n\n<p>Pensez par exemple \u00e0 pr\u00e9voir <a href=\"https:\/\/www.smartphoto.fr\/cadeaux-photo\/sachet-bonbon-avec-carte\">un petit sachet ou enveloppe<\/a> dans lequel chacun peut ranger son masque lorsqu&rsquo;il ne l&rsquo;utilise pas.  Des lingettes d\u00e9sinfectantes ou du gel pour les mains, ainsi que un paquet de mouchoirs jetables par personne peuvent se r\u00e9v\u00e9ler utiles \ud83e\udd27<\/p>\n\n\n\n<p>Avec ces <a href=\"https:\/\/www.smartphoto.fr\/cadeaux-photo\/dispenser\">flacons \u00e0 savon ou gel<\/a> trop mignons, vos invit\u00e9s pourront se d\u00e9sinfecter les mains tout au long de la soir\u00e9e. Plus aucune excuse ! \ud83d\udca6<\/p>\n\n\n\n<figure class=\"wp-block-image size-large is-resized\"><a href=\"https:\/\/www.smartphoto.fr\/cadeaux-photo\/mini-flacon-savon\" target=\"_blank\" rel=\"noopener noreferrer\"><img loading=\"lazy\" decoding=\"async\" src=\"https:\/\/storage.googleapis.com\/smartphoto-express-production-wp-blogs-com\/7\/2020\/10\/carrousel2.jpg\" alt=\"D\u00e9couvrez nos conseils pour f\u00eater No\u00ebl en 2020 : assurez vous que tout le monde a du gel d\u00e9sinfectant\" class=\"wp-image-46746\" width=\"580\" height=\"399\" \/><\/a><\/figure>\n\n\n\n<hr class=\"wp-block-separator\" \/>\n\n\n\n<h3 class=\"wp-block-heading\"><strong>\ud83c\udf84 A\u00e9rez la pi\u00e8ce<\/strong><\/h3>\n\n\n\n<p>Pour f\u00eater No\u00ebl en 2020, l&rsquo;a\u00e9ration des pi\u00e8ces de vie est essentielle. Laissez deux fen\u00eatres au moins en oscillo battant de part et d&rsquo;autre de la maison, vous cr\u00e9ez ainsi une bonne circulation de l&rsquo;air. Et on n&rsquo;h\u00e9site pas \u00e0 enfiler un bon pull pour ne pas se refroidir&#8230; \ud83e\udd76<\/p>\n\n\n\n<p>C&rsquo;est d&rsquo;ailleurs l&rsquo;occasion d&rsquo;afficher votre pull de No\u00ebl pr\u00e9f\u00e9r\u00e9. Il est possible de <a href=\"https:\/\/www.smartphoto.fr\/cadeaux-photo\/sweat-shirt-personnalise\">cr\u00e9er vos propre sweaters de No\u00ebl<\/a> sur smartphoto.fr : existent en plusieurs tailles homme, femme et enfants ! \u26c4<\/p>\n\n\n\n<figure class=\"wp-block-image size-large is-resized\"><a href=\"https:\/\/www.smartphoto.fr\/cadeaux-photo\/sweat-shirt-personnalise\" target=\"_blank\" rel=\"noopener noreferrer\"><img loading=\"lazy\" decoding=\"async\" src=\"https:\/\/storage.googleapis.com\/smartphoto-express-production-wp-blogs-com\/7\/2020\/10\/phpq1XfXh_5bc58d6ec30d3_5bc58d7653daf.jpg\" alt=\"D\u00e9couvrez nos conseils pour f\u00eater No\u00ebl en 2020 :  On a\u00e8re la pi\u00e8ce... Dress code : pull de No\u00ebl !\" class=\"wp-image-46762\" width=\"580\" height=\"386\" \/><\/a><\/figure>\n\n\n\n<hr class=\"wp-block-separator\" \/>\n\n\n\n<h3 class=\"wp-block-heading\"><strong>\ud83c\udf84 D\u00e9corez la maison<\/strong><\/h3>\n\n\n\n<p>Ce dernier point n&rsquo;a rien \u00e0 voir avec le virus, mais il est tout aussi important que le reste : insistez sur l&rsquo;atmosph\u00e8re joyeuse, festive et typique de No\u00ebl, car finalement, tout ce qui compte, c&rsquo;est de pouvoir malgr\u00e9 tout passer No\u00ebl ensemble ! <\/p>\n\n\n\n<p>D\u00e9couvrez toutes nos id\u00e9es inspirantes pour <a href=\"https:\/\/www.smartphoto.fr\/noel\/decoration-noel\">d\u00e9corer votre maison pour No\u00ebl<\/a>: <a href=\"https:\/\/www.smartphoto.fr\/cadeaux-photo\/guirlande-de-fanions\">guirlandes de fanions<\/a>, <a href=\"https:\/\/www.smartphoto.fr\/cadeaux-photo\/bougeoir-photo\">photophores personnalis\u00e9s<\/a>, <a href=\"https:\/\/www.smartphoto.fr\/cadeaux-photo\/boules-de-noel-photo\">boules de No\u00ebl<\/a> ou <a href=\"https:\/\/www.smartphoto.fr\/cadeaux-photo\/decoration-en-bois\">d\u00e9cos \u00e0 suspendre en bois<\/a>, vous avez l&#8217;embarras du choix \ud83c\udf1f<\/p>\n\n\n\n<figure class=\"wp-block-image size-large is-resized\"><a href=\"https:\/\/www.smartphoto.fr\/cadeaux-photo\/bougeoir-photo\" target=\"_blank\" rel=\"noopener noreferrer\"><img loading=\"lazy\" decoding=\"async\" src=\"https:\/\/storage.googleapis.com\/smartphoto-express-production-wp-blogs-com\/7\/2020\/10\/phpPvf9BC_5f7d86644b27b_5f7d866c24224.jpg\" alt=\"D\u00e9couvrez nos conseils pour f\u00eater No\u00ebl en 2020 : Pr\u00e9parez une maison chaleureuse pour renforcer l'atmosph\u00e8re festive des f\u00eates !\" class=\"wp-image-46796\" width=\"580\" height=\"387\" \/><\/a><\/figure>\n\n\n\n<hr class=\"wp-block-separator\" \/>\n\n\n\n<h3 class=\"wp-block-heading\"><strong>\ud83c\udf84 Le P\u00e8re No\u00ebl est pass\u00e9<\/strong><\/h3>\n\n\n\n<p>Last but not least, que serait la f\u00eate de No\u00ebl sans le traditionnel \u00e9change de cadeaux ? Du plus simple au plus excentrique, on le sait bien, ce n&rsquo;est pas la valeur financi\u00e8re qui compte : un cadeau qui va droit au coeur, voil\u00e0 ce qu&rsquo;on recherche pour No\u00ebl. En cr\u00e9ant des cadeaux personnalis\u00e9s avec des photos ou des textes, vous \u00eates s\u00fbr de faire plaisir \u00e0 vos proches. Apr\u00e8s une ann\u00e9e si particuli\u00e8re, le moment est venu de se r\u00e9conforter ! \u2764<\/p>\n\n\n\n<p>D\u00e9couvrez des id\u00e9es de cadeau personnalis\u00e9s pour toute la famille sur la <a href=\"https:\/\/www.smartphoto.fr\/noel\">boutique de No\u00ebl smartphoto<\/a>. \ud83c\udf81<\/p>\n\n\n\n<figure class=\"wp-block-image size-large is-resized\"><a href=\"https:\/\/www.smartphoto.fr\/noel\/decoration-noel\" target=\"_blank\" rel=\"noopener noreferrer\"><img loading=\"lazy\" decoding=\"async\" src=\"https:\/\/storage.googleapis.com\/smartphoto-express-production-wp-blogs-com\/7\/2020\/10\/Katke.jpg\" alt=\"D\u00e9couvrez nos conseils pour f\u00eater No\u00ebl en 2020 : On offre des cadeaux plein d'amour !\" class=\"wp-image-46727\" width=\"580\" height=\"387\" \/><\/a><\/figure>\n\n\n\n<hr class=\"wp-block-separator\" \/>\n\n\n\n<p><strong>Et vous, comment allez-vous f\u00eater No\u00ebl en 2020 ? Avez-vous des conseils \u00e0 ajouter \u00e0 cet article ? N&rsquo;h\u00e9sitez pas \u00e0 commenter ci-dessous ou \u00e0 nous \u00e9crire via les m\u00e9dias sociaux. Nous sommes actifs sur <a href=\"https:\/\/www.facebook.com\/smartphoto.fr\" target=\"_blank\" rel=\"noreferrer noopener\">Facebook<\/a>,&nbsp;<a href=\"http:\/\/instagram.com\/smartphoto_fr\" target=\"_blank\" rel=\"noreferrer noopener\">Instagram<\/a>,&nbsp;<a href=\"https:\/\/www.tiktok.com\/@smartphoto_official\" target=\"_blank\" rel=\"noreferrer noopener\">TikTok&nbsp;<\/a>et <a href=\"http:\/\/www.pinterest.com\/smartphotofr\/\" target=\"_blank\" rel=\"noreferrer noopener\">Pinterest<\/a>.<\/strong><\/p>\n\n\n\n<p>Pssst: utilisez le <strong>hashtag&nbsp;#mysmartphoto<\/strong> pour partager des photos de cr\u00e9ations smartphoto sur les m\u00e9dias sociaux. Nous s\u00e9lectionnons une publication par mois qui est <strong>r\u00e9compens\u00e9e par un bon de 50\u20ac<\/strong> \u00e0 faire valoir sur smartphoto.fr !<\/p>\n\n\n\n<figure class=\"wp-block-image size-large\"><img decoding=\"async\" src=\"https:\/\/storage.googleapis.com\/smartphoto-express-production-wp-blogs-com\/7\/2020\/10\/48395987_2222437591142514_3797229119524044800_o-1024x683.jpg\" alt=\"Joyeuses f\u00eates de No\u00ebl 2020 \u00e0 tous !\" class=\"wp-image-46764\" \/><\/figure>\n","protected":false},"excerpt":{"rendered":"<p>D\u00e9couvrez nos conseils pour des f\u00eates  chaleureuses, joyeuses, et dont on sortira tous en bonne sant\u00e9 !  \u2744\ufe0f<\/p>\n","protected":false},"author":39,"featured_media":10274,"comment_status":"open","ping_status":"open","sticky":false,"template":"","format":"standard","meta":{"om_disable_all_campaigns":false,"_monsterinsights_skip_tracking":false,"_monsterinsights_sitenote_active":false,"_monsterinsights_sitenote_note":"","_monsterinsights_sitenote_category":0,"footnotes":""},"categories":[78],"tags":[],"class_list":["post-10273","post","type-post","status-publish","format-standard","has-post-thumbnail","hentry","category-noel"],"yoast_head":"<!-- This site is optimized with the Yoast SEO plugin v23.8 - https:\/\/yoast.com\/wordpress\/plugins\/seo\/ -->\n<title>F\u00eater No\u00ebl en 2020... voici comment s&#039;organiser ! - smartphoto FR<\/title>\n<meta name=\"description\" content=\"F\u00eater No\u00ebl en 2020, ce sera un peu diff\u00e9rent : voici tout ce que vous devez savoir pour une f\u00eate de No\u00ebl 2020 safe, joyeuse et bien organis\u00e9e !\" \/>\n<meta name=\"robots\" content=\"index, follow, max-snippet:-1, max-image-preview:large, max-video-preview:-1\" \/>\n<link rel=\"canonical\" href=\"https:\/\/www.smartphoto.fr\/inspiration\/comment-feter-noel-en-2020\" \/>\n<meta property=\"og:locale\" content=\"fr_FR\" \/>\n<meta property=\"og:type\" content=\"article\" \/>\n<meta property=\"og:title\" content=\"F\u00eater No\u00ebl en 2020... voici comment s&#039;organiser ! - smartphoto FR\" \/>\n<meta property=\"og:description\" content=\"F\u00eater No\u00ebl en 2020, ce sera un peu diff\u00e9rent : voici tout ce que vous devez savoir pour une f\u00eate de No\u00ebl 2020 safe, joyeuse et bien organis\u00e9e !\" \/>\n<meta property=\"og:url\" content=\"\/inspiration\/comment-feter-noel-en-2020\" \/>\n<meta property=\"og:site_name\" content=\"smartphoto FR\" \/>\n<meta property=\"article:publisher\" content=\"https:\/\/www.facebook.com\/smartphoto.fr\" \/>\n<meta property=\"article:published_time\" content=\"2020-11-02T09:59:20+00:00\" \/>\n<meta property=\"article:modified_time\" content=\"2021-07-19T15:19:33+00:00\" \/>\n<meta property=\"og:image\" content=\"https:\/\/storage.googleapis.com\/smartphoto-express-production-wp-blogs-com\/10\/2020\/11\/Comment-f\u00eater-No\u00ebl-en-2020-conseils-et-astuces.jpg\" \/>\n\t<meta property=\"og:image:width\" content=\"800\" \/>\n\t<meta property=\"og:image:height\" content=\"524\" \/>\n\t<meta property=\"og:image:type\" content=\"image\/jpeg\" \/>\n<meta name=\"author\" content=\"Caroline\" \/>\n<meta name=\"twitter:card\" content=\"summary_large_image\" \/>\n<meta name=\"twitter:creator\" content=\"@smartphoto_fr\" \/>\n<meta name=\"twitter:site\" content=\"@smartphoto_fr\" \/>\n<meta name=\"twitter:label1\" content=\"Written by\" \/>\n\t<meta name=\"twitter:data1\" content=\"Caroline\" \/>\n\t<meta name=\"twitter:label2\" content=\"Est. reading time\" \/>\n\t<meta name=\"twitter:data2\" content=\"6 minutes\" \/>\n<script type=\"application\/ld+json\" class=\"yoast-schema-graph\">{\"@context\":\"https:\/\/schema.org\",\"@graph\":[{\"@type\":\"WebPage\",\"@id\":\"\/inspiration\/comment-feter-noel-en-2020\",\"url\":\"https:\/\/www.smartphoto.fr\/inspiration\/comment-feter-noel-en-2020\",\"name\":\"F\u00eater No\u00ebl en 2020... voici comment s'organiser ! - smartphoto FR\",\"isPartOf\":{\"@id\":\"https:\/\/www.smartphoto.fr\/inspiration\/#website\"},\"primaryImageOfPage\":{\"@id\":\"https:\/\/www.smartphoto.fr\/inspiration\/comment-feter-noel-en-2020#primaryimage\"},\"image\":{\"@id\":\"https:\/\/www.smartphoto.fr\/inspiration\/comment-feter-noel-en-2020#primaryimage\"},\"thumbnailUrl\":\"https:\/\/storage.googleapis.com\/smartphoto-express-production-wp-blogs-com\/10\/2020\/11\/Comment-f\u00eater-No\u00ebl-en-2020-conseils-et-astuces.jpg\",\"datePublished\":\"2020-11-02T09:59:20+00:00\",\"dateModified\":\"2021-07-19T15:19:33+00:00\",\"author\":{\"@id\":\"https:\/\/www.smartphoto.fr\/inspiration\/#\/schema\/person\/14abe7c86f4bda0d741e3ec66a39733e\"},\"description\":\"F\u00eater No\u00ebl en 2020, ce sera un peu diff\u00e9rent : voici tout ce que vous devez savoir pour une f\u00eate de No\u00ebl 2020 safe, joyeuse et bien organis\u00e9e !\",\"breadcrumb\":{\"@id\":\"https:\/\/www.smartphoto.fr\/inspiration\/comment-feter-noel-en-2020#breadcrumb\"},\"inLanguage\":\"fr-FR\",\"potentialAction\":[{\"@type\":\"ReadAction\",\"target\":[\"https:\/\/www.smartphoto.fr\/inspiration\/comment-feter-noel-en-2020\"]}]},{\"@type\":\"ImageObject\",\"inLanguage\":\"fr-FR\",\"@id\":\"https:\/\/www.smartphoto.fr\/inspiration\/comment-feter-noel-en-2020#primaryimage\",\"url\":\"https:\/\/storage.googleapis.com\/smartphoto-express-production-wp-blogs-com\/10\/2020\/11\/Comment-f\u00eater-No\u00ebl-en-2020-conseils-et-astuces.jpg\",\"contentUrl\":\"https:\/\/storage.googleapis.com\/smartphoto-express-production-wp-blogs-com\/10\/2020\/11\/Comment-f\u00eater-No\u00ebl-en-2020-conseils-et-astuces.jpg\",\"width\":800,\"height\":524},{\"@type\":\"BreadcrumbList\",\"@id\":\"https:\/\/www.smartphoto.fr\/inspiration\/comment-feter-noel-en-2020#breadcrumb\",\"itemListElement\":[{\"@type\":\"ListItem\",\"position\":1,\"name\":\"Home\",\"item\":\"https:\/\/www.smartphoto.fr\/inspiration\/\"},{\"@type\":\"ListItem\",\"position\":2,\"name\":\"F\u00eater No\u00ebl en 2020&#8230; voici comment s&rsquo;organiser !\"}]},{\"@type\":\"WebSite\",\"@id\":\"https:\/\/www.smartphoto.fr\/inspiration\/#website\",\"url\":\"https:\/\/www.smartphoto.fr\/inspiration\/\",\"name\":\"smartphoto FR\",\"description\":\"Le blog de smartphoto France.\",\"potentialAction\":[{\"@type\":\"SearchAction\",\"target\":{\"@type\":\"EntryPoint\",\"urlTemplate\":\"https:\/\/www.smartphoto.fr\/inspiration\/?s={search_term_string}\"},\"query-input\":{\"@type\":\"PropertyValueSpecification\",\"valueRequired\":true,\"valueName\":\"search_term_string\"}}],\"inLanguage\":\"fr-FR\"},{\"@type\":\"Person\",\"@id\":\"https:\/\/www.smartphoto.fr\/inspiration\/#\/schema\/person\/14abe7c86f4bda0d741e3ec66a39733e\",\"name\":\"Caroline\",\"image\":{\"@type\":\"ImageObject\",\"inLanguage\":\"fr-FR\",\"@id\":\"https:\/\/www.smartphoto.fr\/inspiration\/#\/schema\/person\/image\/\",\"url\":\"https:\/\/secure.gravatar.com\/avatar\/3bf4c2775ae12d0bb3bb504b56a0508c?s=96&d=mm&r=g\",\"contentUrl\":\"https:\/\/secure.gravatar.com\/avatar\/3bf4c2775ae12d0bb3bb504b56a0508c?s=96&d=mm&r=g\",\"caption\":\"Caroline\"},\"description\":\"Des id\u00e9es cr\u00e9atives pour vous inspirer, des sujets qui vous aident vraiment dans votre quotidien, voil\u00e0 ce que j'esp\u00e8re partager avec vous via ce blog. Quand je ne blogue pas pour smartphoto, je profites de bons moments en famille avec mon ch\u00e9ri et mes enfants, ou j'\u00e9tudie et je pratique le yoga.\",\"sameAs\":[\"http:\/\/www.smartphoto.fr\/inspiration\",\"https:\/\/www.instagram.com\/smartphoto_fr\/\"],\"url\":\"https:\/\/www.smartphoto.fr\/inspiration\/author\/caroline\"}]}<\/script>\n<!-- \/ Yoast SEO plugin. -->","yoast_head_json":{"title":"F\u00eater No\u00ebl en 2020... voici comment s'organiser ! - smartphoto FR","description":"F\u00eater No\u00ebl en 2020, ce sera un peu diff\u00e9rent : voici tout ce que vous devez savoir pour une f\u00eate de No\u00ebl 2020 safe, joyeuse et bien organis\u00e9e !","robots":{"index":"index","follow":"follow","max-snippet":"max-snippet:-1","max-image-preview":"max-image-preview:large","max-video-preview":"max-video-preview:-1"},"canonical":"https:\/\/www.smartphoto.fr\/inspiration\/comment-feter-noel-en-2020","og_locale":"fr_FR","og_type":"article","og_title":"F\u00eater No\u00ebl en 2020... voici comment s'organiser ! - smartphoto FR","og_description":"F\u00eater No\u00ebl en 2020, ce sera un peu diff\u00e9rent : voici tout ce que vous devez savoir pour une f\u00eate de No\u00ebl 2020 safe, joyeuse et bien organis\u00e9e !","og_url":"\/inspiration\/comment-feter-noel-en-2020","og_site_name":"smartphoto FR","article_publisher":"https:\/\/www.facebook.com\/smartphoto.fr","article_published_time":"2020-11-02T09:59:20+00:00","article_modified_time":"2021-07-19T15:19:33+00:00","og_image":[{"width":800,"height":524,"url":"https:\/\/storage.googleapis.com\/smartphoto-express-production-wp-blogs-com\/10\/2020\/11\/Comment-f\u00eater-No\u00ebl-en-2020-conseils-et-astuces.jpg","type":"image\/jpeg"}],"author":"Caroline","twitter_card":"summary_large_image","twitter_creator":"@smartphoto_fr","twitter_site":"@smartphoto_fr","twitter_misc":{"Written by":"Caroline","Est. reading time":"6 minutes"},"schema":{"@context":"https:\/\/schema.org","@graph":[{"@type":"WebPage","@id":"\/inspiration\/comment-feter-noel-en-2020","url":"https:\/\/www.smartphoto.fr\/inspiration\/comment-feter-noel-en-2020","name":"F\u00eater No\u00ebl en 2020... voici comment s'organiser ! - smartphoto FR","isPartOf":{"@id":"https:\/\/www.smartphoto.fr\/inspiration\/#website"},"primaryImageOfPage":{"@id":"https:\/\/www.smartphoto.fr\/inspiration\/comment-feter-noel-en-2020#primaryimage"},"image":{"@id":"https:\/\/www.smartphoto.fr\/inspiration\/comment-feter-noel-en-2020#primaryimage"},"thumbnailUrl":"https:\/\/storage.googleapis.com\/smartphoto-express-production-wp-blogs-com\/10\/2020\/11\/Comment-f\u00eater-No\u00ebl-en-2020-conseils-et-astuces.jpg","datePublished":"2020-11-02T09:59:20+00:00","dateModified":"2021-07-19T15:19:33+00:00","author":{"@id":"https:\/\/www.smartphoto.fr\/inspiration\/#\/schema\/person\/14abe7c86f4bda0d741e3ec66a39733e"},"description":"F\u00eater No\u00ebl en 2020, ce sera un peu diff\u00e9rent : voici tout ce que vous devez savoir pour une f\u00eate de No\u00ebl 2020 safe, joyeuse et bien organis\u00e9e !","breadcrumb":{"@id":"https:\/\/www.smartphoto.fr\/inspiration\/comment-feter-noel-en-2020#breadcrumb"},"inLanguage":"fr-FR","potentialAction":[{"@type":"ReadAction","target":["https:\/\/www.smartphoto.fr\/inspiration\/comment-feter-noel-en-2020"]}]},{"@type":"ImageObject","inLanguage":"fr-FR","@id":"https:\/\/www.smartphoto.fr\/inspiration\/comment-feter-noel-en-2020#primaryimage","url":"https:\/\/storage.googleapis.com\/smartphoto-express-production-wp-blogs-com\/10\/2020\/11\/Comment-f\u00eater-No\u00ebl-en-2020-conseils-et-astuces.jpg","contentUrl":"https:\/\/storage.googleapis.com\/smartphoto-express-production-wp-blogs-com\/10\/2020\/11\/Comment-f\u00eater-No\u00ebl-en-2020-conseils-et-astuces.jpg","width":800,"height":524},{"@type":"BreadcrumbList","@id":"https:\/\/www.smartphoto.fr\/inspiration\/comment-feter-noel-en-2020#breadcrumb","itemListElement":[{"@type":"ListItem","position":1,"name":"Home","item":"https:\/\/www.smartphoto.fr\/inspiration\/"},{"@type":"ListItem","position":2,"name":"F\u00eater No\u00ebl en 2020&#8230; voici comment s&rsquo;organiser !"}]},{"@type":"WebSite","@id":"https:\/\/www.smartphoto.fr\/inspiration\/#website","url":"https:\/\/www.smartphoto.fr\/inspiration\/","name":"smartphoto FR","description":"Le blog de smartphoto France.","potentialAction":[{"@type":"SearchAction","target":{"@type":"EntryPoint","urlTemplate":"https:\/\/www.smartphoto.fr\/inspiration\/?s={search_term_string}"},"query-input":{"@type":"PropertyValueSpecification","valueRequired":true,"valueName":"search_term_string"}}],"inLanguage":"fr-FR"},{"@type":"Person","@id":"https:\/\/www.smartphoto.fr\/inspiration\/#\/schema\/person\/14abe7c86f4bda0d741e3ec66a39733e","name":"Caroline","image":{"@type":"ImageObject","inLanguage":"fr-FR","@id":"https:\/\/www.smartphoto.fr\/inspiration\/#\/schema\/person\/image\/","url":"https:\/\/secure.gravatar.com\/avatar\/3bf4c2775ae12d0bb3bb504b56a0508c?s=96&d=mm&r=g","contentUrl":"https:\/\/secure.gravatar.com\/avatar\/3bf4c2775ae12d0bb3bb504b56a0508c?s=96&d=mm&r=g","caption":"Caroline"},"description":"Des id\u00e9es cr\u00e9atives pour vous inspirer, des sujets qui vous aident vraiment dans votre quotidien, voil\u00e0 ce que j'esp\u00e8re partager avec vous via ce blog. Quand je ne blogue pas pour smartphoto, je profites de bons moments en famille avec mon ch\u00e9ri et mes enfants, ou j'\u00e9tudie et je pratique le yoga.","sameAs":["http:\/\/www.smartphoto.fr\/inspiration","https:\/\/www.instagram.com\/smartphoto_fr\/"],"url":"https:\/\/www.smartphoto.fr\/inspiration\/author\/caroline"}]}},"_links":{"self":[{"href":"https:\/\/www.smartphoto.fr\/inspiration\/wp-json\/wp\/v2\/posts\/10273","targetHints":{"allow":["GET"]}}],"collection":[{"href":"https:\/\/www.smartphoto.fr\/inspiration\/wp-json\/wp\/v2\/posts"}],"about":[{"href":"https:\/\/www.smartphoto.fr\/inspiration\/wp-json\/wp\/v2\/types\/post"}],"author":[{"embeddable":true,"href":"https:\/\/www.smartphoto.fr\/inspiration\/wp-json\/wp\/v2\/users\/39"}],"replies":[{"embeddable":true,"href":"https:\/\/www.smartphoto.fr\/inspiration\/wp-json\/wp\/v2\/comments?post=10273"}],"version-history":[{"count":2,"href":"https:\/\/www.smartphoto.fr\/inspiration\/wp-json\/wp\/v2\/posts\/10273\/revisions"}],"predecessor-version":[{"id":10478,"href":"https:\/\/www.smartphoto.fr\/inspiration\/wp-json\/wp\/v2\/posts\/10273\/revisions\/10478"}],"wp:featuredmedia":[{"embeddable":true,"href":"https:\/\/www.smartphoto.fr\/inspiration\/wp-json\/wp\/v2\/media\/10274"}],"wp:attachment":[{"href":"https:\/\/www.smartphoto.fr\/inspiration\/wp-json\/wp\/v2\/media?parent=10273"}],"wp:term":[{"taxonomy":"category","embeddable":true,"href":"https:\/\/www.smartphoto.fr\/inspiration\/wp-json\/wp\/v2\/categories?post=10273"},{"taxonomy":"post_tag","embeddable":true,"href":"https:\/\/www.smartphoto.fr\/inspiration\/wp-json\/wp\/v2\/tags?post=10273"}],"curies":[{"name":"wp","href":"https:\/\/api.w.org\/{rel}","templated":true}]}}